{"id":3859,"date":"2023-04-03T13:38:18","date_gmt":"2023-04-03T11:38:18","guid":{"rendered":"https:\/\/www.istitutoetoile.it\/?p=3859"},"modified":"2024-02-09T12:58:54","modified_gmt":"2024-02-09T12:58:54","slug":"earlick-forte","status":"publish","type":"post","link":"https:\/\/redboxproject.org\/blog\/earlick-forte\/","title":{"rendered":"Earlick Forte compresse: recensioni, opinioni, prezzo, ingredienti, cosa serve, farmacia: Italia"},"content":{"rendered":"\n<p><strong><a href=\"https:\/\/redboxproject.org\/blog\/go\/earlick-forte\/\" target=\"_blank\" rel=\"noreferrer noopener\"><mark style=\"background-color:rgba(0, 0, 0, 0)\" class=\"has-inline-color has-theme-primary-color\"><span style=\"text-decoration: underline;\">Earlick Forte<\/span><\/mark><\/a><\/strong> la perdita improvvisa dell&#8217;udito \u00e8 una delle emergenze importanti dell&#8217;orecchio. Quando iniziano i reclami del paziente, le ore sono di grande importanza in termini di risposta. Prima l&#8217;ammissione, migliore \u00e8 la prognosi. \u00c8 generalmente definita come perdita dell&#8217;udito unilaterale che si sviluppa in meno di 72 ore, con una causa inspiegabile e in pazienti con esame dell&#8217;orecchio normale.<\/p>\n\n\n\n<p><strong>Questi pazienti hanno una perdita dell&#8217;udito neurosensoriale di oltre 30 dB a tre <a href=\"https:\/\/redboxproject.org\/blog\/go\/earlick-forte\/\" target=\"_blank\" rel=\"noreferrer noopener\"><mark style=\"background-color:rgba(0, 0, 0, 0)\" class=\"has-inline-color has-theme-primary-color\"><span style=\"text-decoration: underline;\">frequenze consecutive<\/span><\/mark><\/a> nei test audiometrici. Earlick Forte la probabilit\u00e0 di essere bilaterale \u00e8 intorno 3%.In i pazienti con improvvisa perdita dell&#8217;udito, i disturbi pi\u00f9 comuni diversi dalla perdita dell&#8217;udito sono l&#8217;acufene e le vertigini.<\/strong><\/p>\n\n\n\n<div style=\"text-align:center\" class=\"wp-block-genesis-blocks-gb-button gb-block-button\"><a href=\"https:\/\/redboxproject.org\/blog\/go\/earlick-forte\/\" target=\"_blank\" rel=\"noopener noreferrer\" class=\"gb-button gb-button-shape-rounded gb-button-size-large\" style=\"color:#ffffff;background-color:#0040ff\"> CONTROLLA IL PREZZO <\/a><\/div>\n\n\n\n<h2 class=\"wp-block-heading\">Earlick Forte compresse, ingredienti, composizione, come funziona, controindicazioni<\/h2>\n\n\n\n<figure class=\"wp-block-image alignleft size-full is-resized\"><a href=\"https:\/\/redboxproject.org\/blog\/go\/earlick-forte\/\" target=\"_blank\" rel=\"noreferrer noopener\"><img loading=\"lazy\" decoding=\"async\" src=\"https:\/\/redboxproject.org\/blog\/wp-content\/uploads\/2023\/04\/Earlick-Forte-compresse-recensioni-opinioni-prezzo-ingredienti-cosa-serve-farmacia-Italia.png\" alt=\"\" class=\"wp-image-3863\" width=\"344\" height=\"344\"\/><\/a><\/figure>\n\n\n\n<p><strong><a href=\"https:\/\/redboxproject.org\/blog\/go\/earlick-forte\/\" target=\"_blank\" rel=\"noreferrer noopener\"><mark style=\"background-color:rgba(0, 0, 0, 0)\" class=\"has-inline-color has-theme-primary-color\"><span style=\"text-decoration: underline;\">Earlick Forte ingredienti<\/span><\/mark><\/a><\/strong> acufene e disturbi vestibolari accompagnano la perdita dell&#8217;udito in circa il 70% dei pazienti. L &#8216; \u00e8 generalmente considerato idiopatico. Oltre a questo, agenti virali come herpes zoster, parotite, morbillo, influenza e fattori vascolari come vasospasmo compresse, trombosi, embolia, emorragia, ipercoagulazione, cause traumatiche come perilinfa fistola, barotrauma, stapedectomia, trauma cranico, tumori come neuroma acustico, autoimmune e alcuni ingredienti possono causare improvvisa perdita dell&#8217;udito.<\/p>\n\n\n\n<p><span style=\"text-decoration: underline;\">Il criterio pi\u00f9 importante nella perdita improvvisa dell&#8217;udito \u00e8 l&#8217;anamnesi composizione. Nella seconda fase, \u00e8 importante valutare la membrana timpanica e il canale uditivo esterno come normali nell&#8217;otoscopia. Successivamente, <\/span><strong><a href=\"https:\/\/redboxproject.org\/blog\/go\/earlick-forte\/\" target=\"_blank\" rel=\"noreferrer noopener\"><mark style=\"background-color:rgba(0, 0, 0, 0)\" class=\"has-inline-color has-theme-primary-color\"><span style=\"text-decoration: underline;\">l&#8217;audiometria tonale<\/span><\/mark><\/a><\/strong><span style=\"text-decoration: underline;\"> conferma la diagnosi cosa serve. La perdita dell&#8217;udito neurosensoriale superiore a 30 dB a tre frequenze consecutive in audiometria tonale \u00e8 diagnostica per il. Nei luoghi in cui l&#8217;audiometria non \u00e8 possibile cosa serve, i test del diapason sono utili nella diagnosi.<\/span><\/p>\n\n\n\n<div style=\"text-align:center\" class=\"wp-block-genesis-blocks-gb-button gb-block-button\"><a href=\"https:\/\/redboxproject.org\/blog\/go\/earlick-forte\/\" target=\"_blank\" rel=\"noopener noreferrer\" class=\"gb-button gb-button-shape-rounded gb-button-size-large\" style=\"color:#ffffff;background-color:#0040ff\"> CONTROLLA IL PREZZO <\/a><\/div>\n\n\n\n<p>I test Weber e rinne ci aiutano a distinguere la da quella causa improvvisa come assumerlo perdita dell&#8217;udito conduttivo. Poich\u00e9 lo stress innesca l &#8216; \u00e8 importante che il paziente riposi prima. Per questo, il paziente \u00e8 se necessario. Se i fattori eziologici che causano l &#8216;sono sospettati nella fase successiva dell&#8217;, ha lo scopo di eliminare e loro. I pi\u00f9 <strong><a href=\"https:\/\/redboxproject.org\/blog\/go\/earlick-forte\/\" target=\"_blank\" rel=\"noreferrer noopener\"><mark style=\"background-color:rgba(0, 0, 0, 0)\" class=\"has-inline-color has-theme-primary-color\"><span style=\"text-decoration: underline;\">comunemente usati<\/span><\/mark><\/a><\/strong> nell come funziona sono i corticosteroidi. I corticosteroidi sono considerati essenziali in quanto sopprimono come funziona molti eventi eziologici.<\/p>\n\n\n\n<p><strong>I suoi effetti principali sono ridurre l&#8217;infiammazione e l&#8217;edema nell&#8217;organo effetti collaterali di corti e stria vascularis. Pu\u00f2 essere somministrato per via parenterale, orale o per iniezione intratimpanica. Oltre a questo, gli <a href=\"https:\/\/redboxproject.org\/blog\/go\/earlick-forte\/\" target=\"_blank\" rel=\"noreferrer noopener\"><mark style=\"background-color:rgba(0, 0, 0, 0)\" class=\"has-inline-color has-theme-primary-color\"><span style=\"text-decoration: underline;\">agenti antivirali vasodilatatori<\/span><\/mark><\/a> anticoagulanti controindicazioni, diuretici e magnesio possono essere utilizzati nell &#8216;dell&#8217;, a seconda della storia del paziente. ossigeno iperbarico therapy.<\/strong><\/p>\n\n\n\n<h2 class=\"wp-block-heading\">Earlick Forte recensioni, opinioni, forum<\/h2>\n\n\n\n<p>In l &#8216;dell&#8217;, se c&#8217;\u00e8 progressione o recensioni regressione con eseguita ogni 3-5 giorni dovrebbe essere seguita da audiometria tonale. A seconda del monitoraggio, \u00e8 possibile modificare le opzioni o eseguire ulteriori esami. Patologie che si verificano nelle <strong><a href=\"https:\/\/redboxproject.org\/blog\/go\/earlick-forte\/\" target=\"_blank\" rel=\"noreferrer noopener\"><mark style=\"background-color:rgba(0, 0, 0, 0)\" class=\"has-inline-color has-theme-primary-color\"><span style=\"text-decoration: underline;\">strutture dell&#8217;orecchio<\/span><\/mark><\/a><\/strong> esterno, medio, interno che forniscono il senso dell&#8217;udito e recensioni in qualsiasi parte del canale uditivo e della corteccia uditiva causano la perdita dell&#8217;udito.<\/p>\n\n\n\n<p><span style=\"text-decoration: underline;\">I problemi nel sistema uditivo periferico sono chiamati perdita dell&#8217;udito e i problemi nel sistema centrale sono chiamati deficit uditivo opinioni. Un audiogramma <\/span><strong><a href=\"https:\/\/redboxproject.org\/blog\/go\/earlick-forte\/\" target=\"_blank\" rel=\"noreferrer noopener\"><mark style=\"background-color:rgba(0, 0, 0, 0)\" class=\"has-inline-color has-theme-primary-color\"><span style=\"text-decoration: underline;\">viene utilizzato per comprendere<\/span><\/mark><\/a><\/strong><span style=\"text-decoration: underline;\"> il grado, la configurazione e l&#8217;effetto della perdita dell&#8217;udito su speech. In l&#8217;audiogramma, sull&#8217;asse orizzontale, i suoni ambientali sono mostrati in termini di frequenza in Hertz (Hz) in base al numero di vibrazioni al secondo, e il volume del suono in intensit\u00e0 in decibel.<\/span><\/p>\n\n\n\n<div style=\"text-align:center\" class=\"wp-block-genesis-blocks-gb-button gb-block-button\"><a href=\"https:\/\/redboxproject.org\/blog\/go\/earlick-forte\/\" target=\"_blank\" rel=\"noopener noreferrer\" class=\"gb-button gb-button-shape-rounded gb-button-size-large\" style=\"color:#ffffff;background-color:#0040ff\"> CONTROLLA IL PREZZO <\/a><\/div>\n\n\n\n<p>Le soglie uditive ottenute ad un certo livello di intensit\u00e0 ad opinioni ogni frequenza dell&#8217;audiogramma consentono di decidere se la persona ha un problema di udito e di avere informazioni sulla capacit\u00e0 uditiva, se presente, e quindi la funzione di comprendere le parole pronunciate. Comprensione del discorso in ambienti tranquilli quando c&#8217;\u00e8 una perdita dell&#8217;udito molto forum lieve nessun effetto significativo sulla capacit\u00e0.<\/p>\n\n\n\n<p><strong>Tuttavia, anche con una perdita dell&#8217;udito cos\u00ec lieve, la capacit\u00e0 di capire in ambienti rumorosi \u00e8 fortemente influenzata. Se c&#8217;\u00e8 una perdita uditiva da lieve a moderata forum, si osserva una diminuzione significativa della capacit\u00e0 di <a href=\"https:\/\/redboxproject.org\/blog\/go\/earlick-forte\/\" target=\"_blank\" rel=\"noreferrer noopener\"><mark style=\"background-color:rgba(0, 0, 0, 0)\" class=\"has-inline-color has-theme-primary-color\"><span style=\"text-decoration: underline;\">comprendere il discorso<\/span><\/mark><\/a> in ambienti sia silenziosi che rumorosi, specialmente quando la regione delle alte frequenze uditive, definita come alte frequenze, \u00e8 interessata.<\/strong><\/p>\n\n\n\n<h2 class=\"wp-block-heading\">Earlick Forte prezzo<\/h2>\n\n\n\n<p><strong><a href=\"https:\/\/redboxproject.org\/blog\/go\/earlick-forte\/\" target=\"_blank\" rel=\"noreferrer noopener\"><mark style=\"background-color:rgba(0, 0, 0, 0)\" class=\"has-inline-color has-theme-primary-color\"><span style=\"text-decoration: underline;\">Earlick Forte prezzo<\/span><\/mark><\/a><\/strong> in questo tipo di perdita dell&#8217;udito, se la persona \u00e8 informata sull&#8217;argomento della conversazione e parla faccia a faccia in un ambiente tranquillo, non ha molti problemi, ma se non usa un apparecchio acustico, specialmente in un ambiente rumoroso, la probabilit\u00e0 di perdere circa il 50-70% del messaggio parlato \u00e8 piuttosto alta. Se ha una perdita uditiva moderata e non usa un apparecchio acustico, avr\u00e0 difficolt\u00e0 a comprendere molti degli argomenti trattati, anche se parla faccia a faccia.<\/p>\n\n\n\n<p><span style=\"text-decoration: underline;\">Finch\u00e9 il dispositivo non viene utilizzato, parler\u00e0 pi\u00f9 prezzo forte per ascoltare la propria voce pi\u00f9 comodamente. In caso di perdita dell&#8217;udito molto grave, la persona percepir\u00e0 i suoni ambientali come vibrazioni. La base di base della percezione del <\/span><strong><a href=\"https:\/\/redboxproject.org\/blog\/go\/earlick-forte\/\" target=\"_blank\" rel=\"noreferrer noopener\"><mark style=\"background-color:rgba(0, 0, 0, 0)\" class=\"has-inline-color has-theme-primary-color\"><span style=\"text-decoration: underline;\">linguaggio dipender\u00e0<\/span><\/mark><\/a><\/strong><span style=\"text-decoration: underline;\"> dalla lettura delle labbra solo visivamente. A meno che non ci sia l&#8217;amplificazione fornita dagli quanto costa apparecchi acustici, avr\u00e0 problemi a sentire anche i suoni forti nel environment.<\/span><\/p>\n\n\n\n<div style=\"text-align:center\" class=\"wp-block-genesis-blocks-gb-button gb-block-button\"><a href=\"https:\/\/redboxproject.org\/blog\/go\/earlick-forte\/\" target=\"_blank\" rel=\"noopener noreferrer\" class=\"gb-button gb-button-shape-rounded gb-button-size-large\" style=\"color:#ffffff;background-color:#0040ff\"> CONTROLLA IL PREZZO <\/a><\/div>\n\n\n\n<p>As le persone invecchiano, aumenta anche la probabilit\u00e0 di quanto costa sviluppare cronicit\u00e0. In generale, si prevede che l&#8217;incidenza di almeno una malattia cronica nella popolazione di et\u00e0 pari o superiore a 65 anni sia di circa l &#8216; 80%. Con l&#8217;avanzare dell&#8217;et\u00e0, anche l&#8217;intero sistema uditivo subisce cambiamenti. Cambiamenti strutturali e funzionali come l&#8217;allargamento del <strong><a href=\"https:\/\/redboxproject.org\/blog\/go\/earlick-forte\/\" target=\"_blank\" rel=\"noreferrer noopener\"><mark style=\"background-color:rgba(0, 0, 0, 0)\" class=\"has-inline-color has-theme-primary-color\"><span style=\"text-decoration: underline;\">padiglione auricolare<\/span><\/mark><\/a><\/strong>, cerume indurito nel condotto uditivo esterno, aumento della crescita dei capelli soprattutto nei maschi.<\/p>\n\n\n\n<h2 class=\"wp-block-heading\">Earlick Forte farmacia, dove comprarlo<\/h2>\n\n\n\n<p><strong><a href=\"https:\/\/redboxproject.org\/blog\/go\/earlick-forte\/\" target=\"_blank\" rel=\"noreferrer noopener\"><mark style=\"background-color:rgba(0, 0, 0, 0)\" class=\"has-inline-color has-theme-primary-color\"><span style=\"text-decoration: underline;\">Earlick Forte farmacia<\/span><\/mark><\/a> atrofia della pelle del condotto uditivo, perdita di elasticit\u00e0 e crescita della cartilagine che compromette le propriet\u00e0 di conduzione delle vie aeree alle alte frequenze sono i problemi pi\u00f9 comuni nell&#8217;orecchio esterno in et\u00e0 avanzata. Cambiamenti significativi sono osservati nella membrana timpanica, negli ossicini e nei muscoli dell&#8217;orecchio medio con l&#8217;invecchiamento. Etholm e Belal hanno riportato cambiamenti nell&#8217;orecchio medio che si verificano dove comprarlo con l&#8217;invecchiamento la membrana timpanica diventa pi\u00f9 dura.<\/strong><\/p>\n\n\n\n<p>Pi\u00f9 sottile e meno vascolare, secondo i ricercatori calcificazione nell&#8217;articolazione del martello e incudine ossificazione e calcificazione nella tromba di Eustachio orecchio medio dove comprarlo ci pu\u00f2 essere atrofia e degenerazione dei muscoli dell&#8217;orecchio.L&#8217;uso che ha un effetto tossico sull&#8217;orecchio, l&#8217;ascolto di musica ad alto volume durante la giovinezza, il lavoro in ambienti rumorosi per molti anni e l&#8217;invecchiamento biologico sono fattori importanti che causano la distruzione delle cellule ciliate nell&#8217;orecchio interno.<\/p>\n\n\n\n<div style=\"text-align:center\" class=\"wp-block-genesis-blocks-gb-button gb-block-button\"><a href=\"https:\/\/redboxproject.org\/blog\/go\/earlick-forte\/\" target=\"_blank\" rel=\"noopener noreferrer\" class=\"gb-button gb-button-shape-rounded gb-button-size-large\" style=\"color:#ffffff;background-color:#0040ff\"> CONTROLLA IL PREZZO <\/a><\/div>\n\n\n\n<p><span style=\"text-decoration: underline;\">Oggi, nelle valutazioni di audiologia geriatric farmacia, storia dettagliata prendendo nei dipartimenti di audiologia di determinazione delle soglie uditive del percorso aria-osso del tono puro, valutazioni dell&#8217;orecchio esterno, <\/span><strong><a href=\"https:\/\/redboxproject.org\/blog\/go\/earlick-forte\/\" target=\"_blank\" rel=\"noreferrer noopener\"><mark style=\"background-color:rgba(0, 0, 0, 0)\" class=\"has-inline-color has-theme-primary-color\"><span style=\"text-decoration: underline;\">medio e interno con misurazioni<\/span><\/mark><\/a><\/strong><span style=\"text-decoration: underline;\"> elettro-acustiche, registrazioni del potenziale uditivo e valutazione del nervo uditivo e delle vie uditive, registrazioni corticali uditive a livello di corteccia. Le valutazioni possono essere fatte in modo molto efficace.<\/span><\/p>\n\n\n\n<p>L&#8217;et\u00e0 \u00e8 il fattore di rischio pi\u00f9 importante per i problemi dell&#8217;udito dell&#8217;orecchio interno chiamati perdita dell&#8217;udito cocleare. Con l&#8217;aumentare del nelle farmacie grado di patologia, la probabilit\u00e0 e il grado di presbicusia aumentano i cambiamenti legati all&#8217;et\u00e0 nell&#8217;organo, stria vascularis, gangli a spirale, membrana basilare e meccanismo vascolare.Studi recenti dimostrano che i problemi di udito <strong><a href=\"https:\/\/redboxproject.org\/blog\/go\/earlick-forte\/\" target=\"_blank\" rel=\"noreferrer noopener\"><mark style=\"background-color:rgba(0, 0, 0, 0)\" class=\"has-inline-color has-theme-primary-color\"><span style=\"text-decoration: underline;\">osservati nella popolazione<\/span><\/mark><\/a><\/strong> anziana hanno determinate caratteristiche.<\/p>\n\n\n\n<h2 class=\"wp-block-heading\">Earlick Forte amazon, ebay: Italia<\/h2>\n\n\n\n<p><strong><a href=\"https:\/\/redboxproject.org\/blog\/go\/earlick-forte\/\" target=\"_blank\" rel=\"noreferrer noopener\"><mark style=\"background-color:rgba(0, 0, 0, 0)\" class=\"has-inline-color has-theme-primary-color\"><span style=\"text-decoration: underline;\">Earlick Forte amazon<\/span><\/mark><\/a> la caratteristica pi\u00f9 importante della perdita dell&#8217;udito legata all&#8217;et\u00e0 \u00e8 una diminuzione delle soglie uditive del tono puro e dei problemi di incomprensione del linguaggio. Con l&#8217;avanzare dell&#8217;et\u00e0, si \u00e8 visto che la perdita dell&#8217;udito \u00e8 pi\u00f9 comune a frequenze di 1000 Hz e oltre, in cui si sentono suoni acuti nella coclea. La sensibilit\u00e0 dell&#8217;udito aumenta in proporzione diretta all&#8217;et\u00e0. La perdita dell&#8217;udito \u00e8 per lo pi\u00f9 bilaterale, simmetrica e di origine amazon neurosensoriale a causa di danni alla coclea.<\/strong><\/p>\n\n\n\n<p>La diminuzione dell&#8217;udito nelle alte frequenze \u00e8 pi\u00f9 comune negli uomini ebay che nelle donne.La perdita dell&#8217;udito \u00e8 sotto forma di perdita bilaterale e improvvisa con una media che va da lieve a moderata a grave negli uomini anziani; \u00c8 caratterizzata da perdita dell&#8217;udito neurosensoriale da lieve a moderata, bilaterale e simmetrica con una lenta <strong><a href=\"https:\/\/redboxproject.org\/blog\/go\/earlick-forte\/\" target=\"_blank\" rel=\"noreferrer noopener\"><mark style=\"background-color:rgba(0, 0, 0, 0)\" class=\"has-inline-color has-theme-primary-color\"><span style=\"text-decoration: underline;\">pendenza nelle donne<\/span><\/mark><\/a><\/strong> anziane. Le persone anziane che vivono in case di cura hanno maggiori probabilit\u00e0 di avere una perdita ebay dell&#8217;udito da moderata a grave e molto grave.<\/p>\n\n\n\n<div style=\"text-align:center\" class=\"wp-block-genesis-blocks-gb-button gb-block-button\"><a href=\"https:\/\/redboxproject.org\/blog\/go\/earlick-forte\/\" target=\"_blank\" rel=\"noopener noreferrer\" class=\"gb-button gb-button-shape-rounded gb-button-size-large\" style=\"color:#ffffff;background-color:#0040ff\"> CONTROLLA IL PREZZO <\/a><\/div>\n\n\n\n<p><span style=\"text-decoration: underline;\">Insieme alla diminuzione della sensibilit\u00e0 dell&#8217;udito, vi \u00e8 un aumento dei problemi di discriminazione del linguaggio, specialmente in ambienti rumorosi.Problemi incontrati nella produttore vita quotidiana; difficolt\u00e0 a sentire un discorso normale, guardare attentamente i volti delle persone per capire cosa stanno dicendo, sentire il bisogno di far ripetere produttore ci\u00f2 che stanno dicendo.<\/span><\/p>\n\n\n\n<p>Alzare eccessivamente il volume della televisione e della radio Italia, sentire che l&#8217;altra persona sta sussurrando mentre parla, infezione, dolore o ronzio nell&#8217;orecchio per lungo tempo, sentirsi stanchi e a disagio quando si cerca di <strong><a href=\"https:\/\/redboxproject.org\/blog\/go\/earlick-forte\/\" target=\"_blank\" rel=\"noreferrer noopener\"><mark style=\"background-color:rgba(0, 0, 0, 0)\" class=\"has-inline-color has-theme-primary-color\"><span style=\"text-decoration: underline;\">ascoltare pu\u00f2 essere riassunto<\/span><\/mark><\/a><\/strong> come un orecchio pu\u00f2 sentire meglio quando parla al telefono punteggi di discriminazione vocale diminuiscono Italia proporzionalmente con l&#8217;avanzare dell&#8217;et\u00e0.<\/p>\n","protected":false},"excerpt":{"rendered":"<p>Earlick Forte la perdita improvvisa dell&#8217;udito \u00e8 una delle emergenze importanti dell&#8217;orecchio. Quando iniziano i reclami del paziente, le ore sono di grande importanza in termini di risposta. Prima l&#8217;ammissione, migliore \u00e8 la prognosi. \u00c8 generalmente definita come perdita dell&#8217;udito unilaterale che si sviluppa in meno di 72 ore, con una causa inspiegabile e in [&hellip;]<\/p>\n","protected":false},"author":1,"featured_media":5925,"comment_status":"open","ping_status":"open","sticky":false,"template":"","format":"standard","meta":{"footnotes":""},"categories":[38],"tags":[],"offerexpiration":[],"class_list":["post-3859","post","type-post","status-publish","format-standard","has-post-thumbnail","hentry","category-salute"],"yoast_head":"<!-- This site is optimized with the Yoast SEO plugin v27.5 - https:\/\/yoast.com\/product\/yoast-seo-wordpress\/ -->\n<title>Earlick Forte compresse: recensioni, opinioni, prezzo, ingredienti, cosa serve, farmacia: Italia - Red Box Project<\/title>\n<meta name=\"robots\" content=\"index, follow, max-snippet:-1, max-image-preview:large, max-video-preview:-1\" \/>\n<link rel=\"canonical\" href=\"https:\/\/redboxproject.org\/blog\/earlick-forte\/\" \/>\n<meta property=\"og:locale\" content=\"it_IT\" \/>\n<meta property=\"og:type\" content=\"article\" \/>\n<meta property=\"og:title\" content=\"Earlick Forte compresse: recensioni, opinioni, prezzo, ingredienti, cosa serve, farmacia: Italia - Red Box Project\" \/>\n<meta property=\"og:description\" content=\"Earlick Forte la perdita improvvisa dell&#8217;udito \u00e8 una delle emergenze importanti dell&#8217;orecchio. Quando iniziano i reclami del paziente, le ore sono di grande importanza in termini di risposta. Prima l&#8217;ammissione, migliore \u00e8 la prognosi. \u00c8 generalmente definita come perdita dell&#8217;udito unilaterale che si sviluppa in meno di 72 ore, con una causa inspiegabile e in [&hellip;]\" \/>\n<meta property=\"og:url\" content=\"https:\/\/redboxproject.org\/blog\/earlick-forte\/\" \/>\n<meta property=\"og:site_name\" content=\"Red Box Project\" \/>\n<meta property=\"article:published_time\" content=\"2023-04-03T11:38:18+00:00\" \/>\n<meta property=\"article:modified_time\" content=\"2024-02-09T12:58:54+00:00\" \/>\n<meta property=\"og:image\" content=\"https:\/\/redboxproject.org\/blog\/wp-content\/uploads\/2023\/04\/Earlick-Forte-compresse-recensioni-opinioni-prezzo-ingredienti-cosa-serve-farmacia-Italia-1.png\" \/>\n\t<meta property=\"og:image:width\" content=\"400\" \/>\n\t<meta property=\"og:image:height\" content=\"400\" \/>\n\t<meta property=\"og:image:type\" content=\"image\/png\" \/>\n<meta name=\"author\" content=\"Sarah\" \/>\n<meta name=\"twitter:card\" content=\"summary_large_image\" \/>\n<meta name=\"twitter:label1\" content=\"Scritto da\" \/>\n\t<meta name=\"twitter:data1\" content=\"Sarah\" \/>\n\t<meta name=\"twitter:label2\" content=\"Tempo di lettura stimato\" \/>\n\t<meta name=\"twitter:data2\" content=\"9 minuti\" \/>\n<script type=\"application\/ld+json\" class=\"yoast-schema-graph\">{\"@context\":\"https:\\\/\\\/schema.org\",\"@graph\":[{\"@type\":\"Article\",\"@id\":\"https:\\\/\\\/redboxproject.org\\\/blog\\\/earlick-forte\\\/#article\",\"isPartOf\":{\"@id\":\"https:\\\/\\\/redboxproject.org\\\/blog\\\/earlick-forte\\\/\"},\"author\":{\"name\":\"Sarah\",\"@id\":\"https:\\\/\\\/redboxproject.org\\\/blog\\\/#\\\/schema\\\/person\\\/10d36ad3dd4c834924aff5d532d59674\"},\"headline\":\"Earlick Forte compresse: recensioni, opinioni, prezzo, ingredienti, cosa serve, farmacia: Italia\",\"datePublished\":\"2023-04-03T11:38:18+00:00\",\"dateModified\":\"2024-02-09T12:58:54+00:00\",\"mainEntityOfPage\":{\"@id\":\"https:\\\/\\\/redboxproject.org\\\/blog\\\/earlick-forte\\\/\"},\"wordCount\":1517,\"commentCount\":0,\"image\":{\"@id\":\"https:\\\/\\\/redboxproject.org\\\/blog\\\/earlick-forte\\\/#primaryimage\"},\"thumbnailUrl\":\"https:\\\/\\\/redboxproject.org\\\/blog\\\/wp-content\\\/uploads\\\/2023\\\/04\\\/Earlick-Forte-compresse-recensioni-opinioni-prezzo-ingredienti-cosa-serve-farmacia-Italia-1.png\",\"articleSection\":[\"Salute\"],\"inLanguage\":\"it-IT\",\"potentialAction\":[{\"@type\":\"CommentAction\",\"name\":\"Comment\",\"target\":[\"https:\\\/\\\/redboxproject.org\\\/blog\\\/earlick-forte\\\/#respond\"]}]},{\"@type\":\"WebPage\",\"@id\":\"https:\\\/\\\/redboxproject.org\\\/blog\\\/earlick-forte\\\/\",\"url\":\"https:\\\/\\\/redboxproject.org\\\/blog\\\/earlick-forte\\\/\",\"name\":\"Earlick Forte compresse: recensioni, opinioni, prezzo, ingredienti, cosa serve, farmacia: Italia - Red Box Project\",\"isPartOf\":{\"@id\":\"https:\\\/\\\/redboxproject.org\\\/blog\\\/#website\"},\"primaryImageOfPage\":{\"@id\":\"https:\\\/\\\/redboxproject.org\\\/blog\\\/earlick-forte\\\/#primaryimage\"},\"image\":{\"@id\":\"https:\\\/\\\/redboxproject.org\\\/blog\\\/earlick-forte\\\/#primaryimage\"},\"thumbnailUrl\":\"https:\\\/\\\/redboxproject.org\\\/blog\\\/wp-content\\\/uploads\\\/2023\\\/04\\\/Earlick-Forte-compresse-recensioni-opinioni-prezzo-ingredienti-cosa-serve-farmacia-Italia-1.png\",\"datePublished\":\"2023-04-03T11:38:18+00:00\",\"dateModified\":\"2024-02-09T12:58:54+00:00\",\"author\":{\"@id\":\"https:\\\/\\\/redboxproject.org\\\/blog\\\/#\\\/schema\\\/person\\\/10d36ad3dd4c834924aff5d532d59674\"},\"breadcrumb\":{\"@id\":\"https:\\\/\\\/redboxproject.org\\\/blog\\\/earlick-forte\\\/#breadcrumb\"},\"inLanguage\":\"it-IT\",\"potentialAction\":[{\"@type\":\"ReadAction\",\"target\":[\"https:\\\/\\\/redboxproject.org\\\/blog\\\/earlick-forte\\\/\"]}]},{\"@type\":\"ImageObject\",\"inLanguage\":\"it-IT\",\"@id\":\"https:\\\/\\\/redboxproject.org\\\/blog\\\/earlick-forte\\\/#primaryimage\",\"url\":\"https:\\\/\\\/redboxproject.org\\\/blog\\\/wp-content\\\/uploads\\\/2023\\\/04\\\/Earlick-Forte-compresse-recensioni-opinioni-prezzo-ingredienti-cosa-serve-farmacia-Italia-1.png\",\"contentUrl\":\"https:\\\/\\\/redboxproject.org\\\/blog\\\/wp-content\\\/uploads\\\/2023\\\/04\\\/Earlick-Forte-compresse-recensioni-opinioni-prezzo-ingredienti-cosa-serve-farmacia-Italia-1.png\",\"width\":400,\"height\":400,\"caption\":\"Earlick Forte compresse recensioni, opinioni, prezzo, ingredienti, cosa serve, farmacia Italia\"},{\"@type\":\"BreadcrumbList\",\"@id\":\"https:\\\/\\\/redboxproject.org\\\/blog\\\/earlick-forte\\\/#breadcrumb\",\"itemListElement\":[{\"@type\":\"ListItem\",\"position\":1,\"name\":\"Home\",\"item\":\"http:\\\/\\\/redboxproject.org\\\/blog\\\/\"},{\"@type\":\"ListItem\",\"position\":2,\"name\":\"Earlick Forte compresse: recensioni, opinioni, prezzo, ingredienti, cosa serve, farmacia: Italia\"}]},{\"@type\":\"WebSite\",\"@id\":\"https:\\\/\\\/redboxproject.org\\\/blog\\\/#website\",\"url\":\"https:\\\/\\\/redboxproject.org\\\/blog\\\/\",\"name\":\"Red Box Project\",\"description\":\"\",\"potentialAction\":[{\"@type\":\"SearchAction\",\"target\":{\"@type\":\"EntryPoint\",\"urlTemplate\":\"https:\\\/\\\/redboxproject.org\\\/blog\\\/?s={search_term_string}\"},\"query-input\":{\"@type\":\"PropertyValueSpecification\",\"valueRequired\":true,\"valueName\":\"search_term_string\"}}],\"inLanguage\":\"it-IT\"},{\"@type\":\"Person\",\"@id\":\"https:\\\/\\\/redboxproject.org\\\/blog\\\/#\\\/schema\\\/person\\\/10d36ad3dd4c834924aff5d532d59674\",\"name\":\"Sarah\",\"image\":{\"@type\":\"ImageObject\",\"inLanguage\":\"it-IT\",\"@id\":\"https:\\\/\\\/secure.gravatar.com\\\/avatar\\\/1a221f95f12e8e1bfa7f092852d80fcdf2ff9b2faa175be6d261eeee9b6632f7?s=96&d=mm&r=g\",\"url\":\"https:\\\/\\\/secure.gravatar.com\\\/avatar\\\/1a221f95f12e8e1bfa7f092852d80fcdf2ff9b2faa175be6d261eeee9b6632f7?s=96&d=mm&r=g\",\"contentUrl\":\"https:\\\/\\\/secure.gravatar.com\\\/avatar\\\/1a221f95f12e8e1bfa7f092852d80fcdf2ff9b2faa175be6d261eeee9b6632f7?s=96&d=mm&r=g\",\"caption\":\"Sarah\"},\"sameAs\":[\"http:\\\/\\\/redboxproject.org\\\/blog\"]}]}<\/script>\n<!-- \/ Yoast SEO plugin. -->","yoast_head_json":{"title":"Earlick Forte compresse: recensioni, opinioni, prezzo, ingredienti, cosa serve, farmacia: Italia - Red Box Project","robots":{"index":"index","follow":"follow","max-snippet":"max-snippet:-1","max-image-preview":"max-image-preview:large","max-video-preview":"max-video-preview:-1"},"canonical":"https:\/\/redboxproject.org\/blog\/earlick-forte\/","og_locale":"it_IT","og_type":"article","og_title":"Earlick Forte compresse: recensioni, opinioni, prezzo, ingredienti, cosa serve, farmacia: Italia - Red Box Project","og_description":"Earlick Forte la perdita improvvisa dell&#8217;udito \u00e8 una delle emergenze importanti dell&#8217;orecchio. Quando iniziano i reclami del paziente, le ore sono di grande importanza in termini di risposta. Prima l&#8217;ammissione, migliore \u00e8 la prognosi. \u00c8 generalmente definita come perdita dell&#8217;udito unilaterale che si sviluppa in meno di 72 ore, con una causa inspiegabile e in [&hellip;]","og_url":"https:\/\/redboxproject.org\/blog\/earlick-forte\/","og_site_name":"Red Box Project","article_published_time":"2023-04-03T11:38:18+00:00","article_modified_time":"2024-02-09T12:58:54+00:00","og_image":[{"width":400,"height":400,"url":"https:\/\/redboxproject.org\/blog\/wp-content\/uploads\/2023\/04\/Earlick-Forte-compresse-recensioni-opinioni-prezzo-ingredienti-cosa-serve-farmacia-Italia-1.png","type":"image\/png"}],"author":"Sarah","twitter_card":"summary_large_image","twitter_misc":{"Scritto da":"Sarah","Tempo di lettura stimato":"9 minuti"},"schema":{"@context":"https:\/\/schema.org","@graph":[{"@type":"Article","@id":"https:\/\/redboxproject.org\/blog\/earlick-forte\/#article","isPartOf":{"@id":"https:\/\/redboxproject.org\/blog\/earlick-forte\/"},"author":{"name":"Sarah","@id":"https:\/\/redboxproject.org\/blog\/#\/schema\/person\/10d36ad3dd4c834924aff5d532d59674"},"headline":"Earlick Forte compresse: recensioni, opinioni, prezzo, ingredienti, cosa serve, farmacia: Italia","datePublished":"2023-04-03T11:38:18+00:00","dateModified":"2024-02-09T12:58:54+00:00","mainEntityOfPage":{"@id":"https:\/\/redboxproject.org\/blog\/earlick-forte\/"},"wordCount":1517,"commentCount":0,"image":{"@id":"https:\/\/redboxproject.org\/blog\/earlick-forte\/#primaryimage"},"thumbnailUrl":"https:\/\/redboxproject.org\/blog\/wp-content\/uploads\/2023\/04\/Earlick-Forte-compresse-recensioni-opinioni-prezzo-ingredienti-cosa-serve-farmacia-Italia-1.png","articleSection":["Salute"],"inLanguage":"it-IT","potentialAction":[{"@type":"CommentAction","name":"Comment","target":["https:\/\/redboxproject.org\/blog\/earlick-forte\/#respond"]}]},{"@type":"WebPage","@id":"https:\/\/redboxproject.org\/blog\/earlick-forte\/","url":"https:\/\/redboxproject.org\/blog\/earlick-forte\/","name":"Earlick Forte compresse: recensioni, opinioni, prezzo, ingredienti, cosa serve, farmacia: Italia - Red Box Project","isPartOf":{"@id":"https:\/\/redboxproject.org\/blog\/#website"},"primaryImageOfPage":{"@id":"https:\/\/redboxproject.org\/blog\/earlick-forte\/#primaryimage"},"image":{"@id":"https:\/\/redboxproject.org\/blog\/earlick-forte\/#primaryimage"},"thumbnailUrl":"https:\/\/redboxproject.org\/blog\/wp-content\/uploads\/2023\/04\/Earlick-Forte-compresse-recensioni-opinioni-prezzo-ingredienti-cosa-serve-farmacia-Italia-1.png","datePublished":"2023-04-03T11:38:18+00:00","dateModified":"2024-02-09T12:58:54+00:00","author":{"@id":"https:\/\/redboxproject.org\/blog\/#\/schema\/person\/10d36ad3dd4c834924aff5d532d59674"},"breadcrumb":{"@id":"https:\/\/redboxproject.org\/blog\/earlick-forte\/#breadcrumb"},"inLanguage":"it-IT","potentialAction":[{"@type":"ReadAction","target":["https:\/\/redboxproject.org\/blog\/earlick-forte\/"]}]},{"@type":"ImageObject","inLanguage":"it-IT","@id":"https:\/\/redboxproject.org\/blog\/earlick-forte\/#primaryimage","url":"https:\/\/redboxproject.org\/blog\/wp-content\/uploads\/2023\/04\/Earlick-Forte-compresse-recensioni-opinioni-prezzo-ingredienti-cosa-serve-farmacia-Italia-1.png","contentUrl":"https:\/\/redboxproject.org\/blog\/wp-content\/uploads\/2023\/04\/Earlick-Forte-compresse-recensioni-opinioni-prezzo-ingredienti-cosa-serve-farmacia-Italia-1.png","width":400,"height":400,"caption":"Earlick Forte compresse recensioni, opinioni, prezzo, ingredienti, cosa serve, farmacia Italia"},{"@type":"BreadcrumbList","@id":"https:\/\/redboxproject.org\/blog\/earlick-forte\/#breadcrumb","itemListElement":[{"@type":"ListItem","position":1,"name":"Home","item":"http:\/\/redboxproject.org\/blog\/"},{"@type":"ListItem","position":2,"name":"Earlick Forte compresse: recensioni, opinioni, prezzo, ingredienti, cosa serve, farmacia: Italia"}]},{"@type":"WebSite","@id":"https:\/\/redboxproject.org\/blog\/#website","url":"https:\/\/redboxproject.org\/blog\/","name":"Red Box Project","description":"","potentialAction":[{"@type":"SearchAction","target":{"@type":"EntryPoint","urlTemplate":"https:\/\/redboxproject.org\/blog\/?s={search_term_string}"},"query-input":{"@type":"PropertyValueSpecification","valueRequired":true,"valueName":"search_term_string"}}],"inLanguage":"it-IT"},{"@type":"Person","@id":"https:\/\/redboxproject.org\/blog\/#\/schema\/person\/10d36ad3dd4c834924aff5d532d59674","name":"Sarah","image":{"@type":"ImageObject","inLanguage":"it-IT","@id":"https:\/\/secure.gravatar.com\/avatar\/1a221f95f12e8e1bfa7f092852d80fcdf2ff9b2faa175be6d261eeee9b6632f7?s=96&d=mm&r=g","url":"https:\/\/secure.gravatar.com\/avatar\/1a221f95f12e8e1bfa7f092852d80fcdf2ff9b2faa175be6d261eeee9b6632f7?s=96&d=mm&r=g","contentUrl":"https:\/\/secure.gravatar.com\/avatar\/1a221f95f12e8e1bfa7f092852d80fcdf2ff9b2faa175be6d261eeee9b6632f7?s=96&d=mm&r=g","caption":"Sarah"},"sameAs":["http:\/\/redboxproject.org\/blog"]}]}},"_links":{"self":[{"href":"https:\/\/redboxproject.org\/blog\/wp-json\/wp\/v2\/posts\/3859","targetHints":{"allow":["GET"]}}],"collection":[{"href":"https:\/\/redboxproject.org\/blog\/wp-json\/wp\/v2\/posts"}],"about":[{"href":"https:\/\/redboxproject.org\/blog\/wp-json\/wp\/v2\/types\/post"}],"author":[{"embeddable":true,"href":"https:\/\/redboxproject.org\/blog\/wp-json\/wp\/v2\/users\/1"}],"replies":[{"embeddable":true,"href":"https:\/\/redboxproject.org\/blog\/wp-json\/wp\/v2\/comments?post=3859"}],"version-history":[{"count":1,"href":"https:\/\/redboxproject.org\/blog\/wp-json\/wp\/v2\/posts\/3859\/revisions"}],"predecessor-version":[{"id":5927,"href":"https:\/\/redboxproject.org\/blog\/wp-json\/wp\/v2\/posts\/3859\/revisions\/5927"}],"wp:featuredmedia":[{"embeddable":true,"href":"https:\/\/redboxproject.org\/blog\/wp-json\/wp\/v2\/media\/5925"}],"wp:attachment":[{"href":"https:\/\/redboxproject.org\/blog\/wp-json\/wp\/v2\/media?parent=3859"}],"wp:term":[{"taxonomy":"category","embeddable":true,"href":"https:\/\/redboxproject.org\/blog\/wp-json\/wp\/v2\/categories?post=3859"},{"taxonomy":"post_tag","embeddable":true,"href":"https:\/\/redboxproject.org\/blog\/wp-json\/wp\/v2\/tags?post=3859"},{"taxonomy":"offerexpiration","embeddable":true,"href":"https:\/\/redboxproject.org\/blog\/wp-json\/wp\/v2\/offerexpiration?post=3859"}],"curies":[{"name":"wp","href":"https:\/\/api.w.org\/{rel}","templated":true}]}}